{"id":74,"date":"2022-02-16T08:13:16","date_gmt":"2022-02-16T11:13:16","guid":{"rendered":"https:\/\/action.org.es\/blog\/?p=74"},"modified":"2022-02-16T08:17:33","modified_gmt":"2022-02-16T11:17:33","slug":"como-voce-toma-decisoes-no-seu-processo-de-desenvolvimento-de-software","status":"publish","type":"post","link":"https:\/\/action.org.es\/blog\/como-voce-toma-decisoes-no-seu-processo-de-desenvolvimento-de-software\/","title":{"rendered":"Como voc\u00ea toma decis\u00f5es no seu processo de desenvolvimento de software?"},"content":{"rendered":"\n<h3 class=\"wp-block-heading\" id=\"voce-ja-pensou-quantas-vezes-tomou-decisoes-ao-longo-do-processo-de-desenvolvimento-de-software\">Voc\u00ea j\u00e1 pensou quantas vezes tomou decis\u00f5es ao longo do processo de desenvolvimento de software?\u00a0<\/h3>\n\n\n\n<p>J\u00e1 pensou quantas pessoas tomam decis\u00f5es em diferentes n\u00edveis durante a execu\u00e7\u00e3o do processo? Gestores de Projeto, decidem para assegurar que o projeto n\u00e3o ultrapasse o escopo, tempo e recursos; Arquitetos de Software decidem para que os requisitos funcionais e n\u00e3o funcionais estejam presentes na arquitetura proposta; Desenvolvedores decidem para que o c\u00f3digo desenvolvido materialize os requisitos funcionais e n\u00e3o funcionais e os crit\u00e9rios de qualidade, previamente definidos.<\/p>\n\n\n\n<p>Observe que tomar decis\u00f5es ao longo do processo \u00e9 algo natural e ocorre em diferentes n\u00edveis do projeto, por pessoas diferentes, causando diferentes impactos. A\u00ed vem a pergunta: Como voc\u00ea toma as suas decis\u00f5es? <\/p>\n\n\n\n<p>Elas s\u00e3o mais embasadas em informa\u00e7\u00f5es, na sua experi\u00eancia ou no seu <em>feeling<\/em>?<\/p>\n\n\n\n<p>Para exemplificar, vamos utilizar aquela pergunta cl\u00e1ssica que todos os clientes fazem:<\/p>\n\n\n\n<p> <strong>\u201cEm quanto tempo voc\u00ea entrega a funcionalidade X?\u201d<\/strong><\/p>\n\n\n\n<p>Para responder, o desenvolvedor ou gestor de projetos pode usar os dados hist\u00f3ricos do projeto ou de uma base de conhecimento da empresa como, por exemplo, ponto de fun\u00e7\u00e3o ou ponto de hist\u00f3ria de usu\u00e1rios de funcionalidades parecidas com o que se quer produzir.<\/p>\n\n\n\n<figure class=\"wp-block-image size-large\"><img loading=\"lazy\" decoding=\"async\" width=\"1024\" height=\"480\" src=\"https:\/\/action.org.es\/blog\/wp-content\/uploads\/2022\/02\/FOTO2-POST-BLOG-3-1024x480.jpg\" alt=\"\" class=\"wp-image-77\" srcset=\"https:\/\/action.org.es\/blog\/wp-content\/uploads\/2022\/02\/FOTO2-POST-BLOG-3-1024x480.jpg 1024w, https:\/\/action.org.es\/blog\/wp-content\/uploads\/2022\/02\/FOTO2-POST-BLOG-3-300x141.jpg 300w, https:\/\/action.org.es\/blog\/wp-content\/uploads\/2022\/02\/FOTO2-POST-BLOG-3-768x360.jpg 768w, https:\/\/action.org.es\/blog\/wp-content\/uploads\/2022\/02\/FOTO2-POST-BLOG-3-1536x721.jpg 1536w, https:\/\/action.org.es\/blog\/wp-content\/uploads\/2022\/02\/FOTO2-POST-BLOG-3-770x360.jpg 770w, https:\/\/action.org.es\/blog\/wp-content\/uploads\/2022\/02\/FOTO2-POST-BLOG-3-400x188.jpg 400w, https:\/\/action.org.es\/blog\/wp-content\/uploads\/2022\/02\/FOTO2-POST-BLOG-3.jpg 1835w\" sizes=\"auto, (max-width: 1024px) 100vw, 1024px\" \/><\/figure>\n\n\n\n<p>Repare que voc\u00ea precisa de uma base hist\u00f3rica simples, pode ser at\u00e9 uma planilha, para embasar a sua decis\u00e3o. Dessa forma, voc\u00ea tem uma base para decidir em vez de um simples \u201cachometr\u00f4\u201d.<\/p>\n\n\n\n<p>As informa\u00e7\u00f5es necess\u00e1rias para a tomada de decis\u00e3o podem vir de diferentes fontes e devem ser providas pelo seu processo nos pontos chaves. Al\u00e9m das informa\u00e7\u00f5es t\u00e9cnicas como requisitos e restri\u00e7\u00f5es do projeto, ao decidir aspectos relevantes, \u00e9 fundamental ter \u00e0 disposi\u00e7\u00e3o informa\u00e7\u00f5es como o <em>feedback<\/em> dos clientes, tipos de <em>bugs<\/em> mais comuns, tend\u00eancias de mercado e tecnol\u00f3gicas, satisfa\u00e7\u00e3o dos colaboradores, entre outras.<\/p>\n\n\n\n<p>Voc\u00ea utiliza em seu processo algum indicador, m\u00e9trica ou outro item de conhecimento que lhe d\u00e1 suporte para a tomada de decis\u00e3o ou usa apenas sua experi\u00eancia e <em>feeling<\/em>?<\/p>\n\n\n\n<p>Ou um pouco de cada?\u00a0<\/p>\n\n\n\n<hr class=\"wp-block-separator\"\/>\n\n\n\n<p><\/p>\n\n\n\n<figure class=\"wp-block-image size-full is-resized\"><img loading=\"lazy\" decoding=\"async\" src=\"https:\/\/action.org.es\/blog\/wp-content\/uploads\/2021\/09\/FotoProfIfes.jpeg\" alt=\"\" class=\"wp-image-59\" width=\"162\" height=\"162\" srcset=\"https:\/\/action.org.es\/blog\/wp-content\/uploads\/2021\/09\/FotoProfIfes.jpeg 400w, https:\/\/action.org.es\/blog\/wp-content\/uploads\/2021\/09\/FotoProfIfes-300x300.jpeg 300w, https:\/\/action.org.es\/blog\/wp-content\/uploads\/2021\/09\/FotoProfIfes-150x150.jpeg 150w\" sizes=\"auto, (max-width: 162px) 100vw, 162px\" \/><figcaption>Paulo S\u00e9rgio<\/figcaption><\/figure>\n\n\n\n<p>Professor do Instituto Federal do Esp\u00edrito Santo (Ifes), participante do Leds e atualmente doutorando em Ci\u00eancia da Computa\u00e7\u00e3o, no Nemo, com foco em Ontologia, Integra\u00e7\u00e3o de dados e m\u00e9todos \u00e1gies. Al\u00e9m disso, se arrisca na cerveja artesanal e no surfe, \u00e9 comandado por 4 cachorros.<\/p>\n\n\n\n<figure class=\"wp-block-image size-large is-resized\"><img loading=\"lazy\" decoding=\"async\" src=\"https:\/\/action.org.es\/blog\/wp-content\/uploads\/2021\/09\/Professor-Fabiano-1024x1024.jpeg\" alt=\"\" class=\"wp-image-63\" width=\"163\" height=\"163\" srcset=\"https:\/\/action.org.es\/blog\/wp-content\/uploads\/2021\/09\/Professor-Fabiano-1024x1024.jpeg 1024w, https:\/\/action.org.es\/blog\/wp-content\/uploads\/2021\/09\/Professor-Fabiano-300x300.jpeg 300w, https:\/\/action.org.es\/blog\/wp-content\/uploads\/2021\/09\/Professor-Fabiano-150x150.jpeg 150w, https:\/\/action.org.es\/blog\/wp-content\/uploads\/2021\/09\/Professor-Fabiano-768x767.jpeg 768w, https:\/\/action.org.es\/blog\/wp-content\/uploads\/2021\/09\/Professor-Fabiano-770x769.jpeg 770w, https:\/\/action.org.es\/blog\/wp-content\/uploads\/2021\/09\/Professor-Fabiano-400x400.jpeg 400w, https:\/\/action.org.es\/blog\/wp-content\/uploads\/2021\/09\/Professor-Fabiano.jpeg 1074w\" sizes=\"auto, (max-width: 163px) 100vw, 163px\" \/><figcaption>Fabiano Ruy<\/figcaption><\/figure>\n\n\n\n<p>Doutor em Ci\u00eancia da Computa\u00e7\u00e3o com pesquisa voltada a Engenharia de Software e Modelagem Conceitual. \u00c9 professor do IFES campus Serra, atuando no Bacharelado em Sistemas de Informa\u00e7\u00e3o e no Mestrado em Computa\u00e7\u00e3o Aplicada. Membro do LEDS, com foco em projetos de inova\u00e7\u00e3o.<\/p>\n","protected":false},"excerpt":{"rendered":"<p>Voc\u00ea j\u00e1 pensou quantas vezes tomou decis\u00f5es ao longo do processo de desenvolvimento de software?\u00a0 J\u00e1 pensou quantas pessoas tomam decis\u00f5es em diferentes n\u00edveis durante a execu\u00e7\u00e3o do processo? Gestores de Projeto, decidem para assegurar que o projeto n\u00e3o ultrapasse o escopo, tempo e recursos; Arquitetos de Software decidem para que os requisitos funcionais e [&hellip;]<\/p>\n","protected":false},"author":2,"featured_media":76,"comment_status":"closed","ping_status":"open","sticky":false,"template":"","format":"standard","meta":{"footnotes":""},"categories":[3],"tags":[],"class_list":["post-74","post","type-post","status-publish","format-standard","has-post-thumbnail","hentry","category-processo-de-software"],"_links":{"self":[{"href":"https:\/\/action.org.es\/blog\/wp-json\/wp\/v2\/posts\/74","targetHints":{"allow":["GET"]}}],"collection":[{"href":"https:\/\/action.org.es\/blog\/wp-json\/wp\/v2\/posts"}],"about":[{"href":"https:\/\/action.org.es\/blog\/wp-json\/wp\/v2\/types\/post"}],"author":[{"embeddable":true,"href":"https:\/\/action.org.es\/blog\/wp-json\/wp\/v2\/users\/2"}],"replies":[{"embeddable":true,"href":"https:\/\/action.org.es\/blog\/wp-json\/wp\/v2\/comments?post=74"}],"version-history":[{"count":2,"href":"https:\/\/action.org.es\/blog\/wp-json\/wp\/v2\/posts\/74\/revisions"}],"predecessor-version":[{"id":80,"href":"https:\/\/action.org.es\/blog\/wp-json\/wp\/v2\/posts\/74\/revisions\/80"}],"wp:featuredmedia":[{"embeddable":true,"href":"https:\/\/action.org.es\/blog\/wp-json\/wp\/v2\/media\/76"}],"wp:attachment":[{"href":"https:\/\/action.org.es\/blog\/wp-json\/wp\/v2\/media?parent=74"}],"wp:term":[{"taxonomy":"category","embeddable":true,"href":"https:\/\/action.org.es\/blog\/wp-json\/wp\/v2\/categories?post=74"},{"taxonomy":"post_tag","embeddable":true,"href":"https:\/\/action.org.es\/blog\/wp-json\/wp\/v2\/tags?post=74"}],"curies":[{"name":"wp","href":"https:\/\/api.w.org\/{rel}","templated":true}]}}