{"id":66,"date":"2021-11-30T19:15:35","date_gmt":"2021-11-30T22:15:35","guid":{"rendered":"https:\/\/action.org.es\/blog\/?p=66"},"modified":"2022-02-16T08:10:11","modified_gmt":"2022-02-16T11:10:11","slug":"o-que-voce-considera-importante-em-um-processo-de-software","status":"publish","type":"post","link":"https:\/\/action.org.es\/blog\/o-que-voce-considera-importante-em-um-processo-de-software\/","title":{"rendered":"O que voc\u00ea considera importante em um processo de software?"},"content":{"rendered":"\n<figure class=\"wp-block-image size-large\"><img loading=\"lazy\" decoding=\"async\" width=\"1024\" height=\"683\" src=\"https:\/\/action.org.es\/blog\/wp-content\/uploads\/2021\/11\/f4-1024x683.jpg\" alt=\"\" class=\"wp-image-71\" srcset=\"https:\/\/action.org.es\/blog\/wp-content\/uploads\/2021\/11\/f4-1024x683.jpg 1024w, https:\/\/action.org.es\/blog\/wp-content\/uploads\/2021\/11\/f4-300x200.jpg 300w, https:\/\/action.org.es\/blog\/wp-content\/uploads\/2021\/11\/f4-768x512.jpg 768w, https:\/\/action.org.es\/blog\/wp-content\/uploads\/2021\/11\/f4-770x514.jpg 770w, https:\/\/action.org.es\/blog\/wp-content\/uploads\/2021\/11\/f4-400x267.jpg 400w, https:\/\/action.org.es\/blog\/wp-content\/uploads\/2021\/11\/f4.jpg 1028w\" sizes=\"auto, (max-width: 1024px) 100vw, 1024px\" \/><\/figure>\n\n\n\n<h3 class=\"wp-block-heading\" id=\"no-ultimo-post-perguntamos-sobre-a-definicao-do-seu-processo-de-software-entao-como-voce-o-definiu\">No \u00faltimo <a href=\"https:\/\/action.org.es\/blog\/como-voce-definiu-o-processo-de-software-para-os-seus-projetos\/\">post<\/a>, perguntamos sobre a defini\u00e7\u00e3o do seu processo de software. Ent\u00e3o, como voc\u00ea o definiu?<\/h3>\n\n\n\n<p>O seu processo contempla todas as atividades de produ\u00e7\u00e3o? Est\u00e1 atualizado, de acordo com a realidade da organiza\u00e7\u00e3o? \u00c9 fact\u00edvel, os colaboradores o seguem? Considera dimens\u00f5es importantes do neg\u00f3cio?<\/p>\n\n\n\n<p>Muitas organiza\u00e7\u00f5es entendem que o processo de desenvolvimento de software envolve apenas atividades ligadas ao desenvolvimento em si (e.g., An\u00e1lise, Projeto, Desenvolvimento, Testes, Implanta\u00e7\u00e3o) e esquecem de outras dimens\u00f5es que d\u00e3o suporte ao processo de software e que garantem a qualidade do produto, projeto, o bem-estar e a evolu\u00e7\u00e3o das pessoas presentes diretamente ou indiretamente no projeto. Exemplos dessas dimens\u00f5es s\u00e3o as de Gest\u00e3o de Conhecimento, Gest\u00e3o da Qualidade, bem como atividades que avaliam se o projeto est\u00e1 alinhado com os objetivos do neg\u00f3cio e at\u00e9 mesmo avalia\u00e7\u00e3o e evolu\u00e7\u00e3o das compet\u00eancias dos membros das equipes de desenvolvimento.<\/p>\n\n\n\n<p>\u00c9 importante observar que, independentemente da abordagem de desenvolvimento de software (<em>Agile<\/em> ou <em>Plan-Driven\/Document-Centric<\/em>), \u00e9 poss\u00edvel aplicar e adaptar essas dimens\u00f5es buscando melhorar a qualidade do produto, reduzir o retrabalho ou outro benef\u00edcio particular para a organiza\u00e7\u00e3o. Por exemplo, boas pr\u00e1ticas de gest\u00e3o de conhecimento aplicadas ao desenvolvimento de um produto podem ajudar, no futuro, uma equipe de manuten\u00e7\u00e3o na evolu\u00e7\u00e3o do sistema ou corre\u00e7\u00e3o de bugs, ou at\u00e9 mesmo ensinar um novo membro da equipe sobre os conceitos e regras do projeto. Um processo de medi\u00e7\u00e3o da qualidade pode identificar pontos de melhoria nos artefatos do projeto ou uma necessidade de capacita\u00e7\u00e3o dos membros da equipe nas tecnologias, m\u00e9todos e ferramentas adotadas pela organiza\u00e7\u00e3o. Veja que tais pr\u00e1ticas est\u00e3o ligadas a uma cultura de m\u00e9dio a longo prazo da organiza\u00e7\u00e3o e n\u00e3o somente a um projeto ou produto espec\u00edfico.<\/p>\n\n\n\n<figure class=\"wp-block-image size-large\"><img loading=\"lazy\" decoding=\"async\" width=\"1024\" height=\"298\" src=\"https:\/\/action.org.es\/blog\/wp-content\/uploads\/2021\/11\/computer-program-preview-2021-08-30-05-54-12-utc-1024x298.jpeg\" alt=\"\" class=\"wp-image-68\" srcset=\"https:\/\/action.org.es\/blog\/wp-content\/uploads\/2021\/11\/computer-program-preview-2021-08-30-05-54-12-utc-1024x298.jpeg 1024w, https:\/\/action.org.es\/blog\/wp-content\/uploads\/2021\/11\/computer-program-preview-2021-08-30-05-54-12-utc-300x87.jpeg 300w, https:\/\/action.org.es\/blog\/wp-content\/uploads\/2021\/11\/computer-program-preview-2021-08-30-05-54-12-utc-768x223.jpeg 768w, https:\/\/action.org.es\/blog\/wp-content\/uploads\/2021\/11\/computer-program-preview-2021-08-30-05-54-12-utc-1536x446.jpeg 1536w, https:\/\/action.org.es\/blog\/wp-content\/uploads\/2021\/11\/computer-program-preview-2021-08-30-05-54-12-utc-2048x595.jpeg 2048w, https:\/\/action.org.es\/blog\/wp-content\/uploads\/2021\/11\/computer-program-preview-2021-08-30-05-54-12-utc-770x224.jpeg 770w, https:\/\/action.org.es\/blog\/wp-content\/uploads\/2021\/11\/computer-program-preview-2021-08-30-05-54-12-utc-400x116.jpeg 400w\" sizes=\"auto, (max-width: 1024px) 100vw, 1024px\" \/><\/figure>\n\n\n\n<p>O desafio da organiza\u00e7\u00e3o \u00e9 combinar de modo fluido as boas pr\u00e1ticas presentes em cada dimens\u00e3o, de forma a trazer benef\u00edcios a todos os envolvidos, sem oner\u00e1-los (ningu\u00e9m quer adotar uma pr\u00e1tica que n\u00e3o contribua para o desenvolvimento do projeto ou produto). Claro que essas dimens\u00f5es podem ser combinadas, adaptadas para a realidade do projeto, produto ou at\u00e9 mesmo da equipe. Afinal, dependendo das caracter\u00edsticas do projeto (e.g., escopo, tempo, regras de contrato e recursos) podemos aplicar, por exemplo, mais atividades de testes automatizados ou de gest\u00e3o de qualidade de c\u00f3digo, por motivos contratuais.<\/p>\n\n\n\n<p>Assim, vale perguntar: Quais dimens\u00f5es est\u00e3o presentes no seu processo de software? Quais delas agregam mais valor ao seu produto e \u00e0 organiza\u00e7\u00e3o? Como voc\u00ea as prioriza em seu processo de software para ter sucesso nos projetos?<\/p>\n\n\n\n<hr class=\"wp-block-separator\"\/>\n\n\n\n<figure class=\"wp-block-image size-full is-resized\"><img loading=\"lazy\" decoding=\"async\" src=\"https:\/\/action.org.es\/blog\/wp-content\/uploads\/2021\/09\/FotoProfIfes.jpeg\" alt=\"\" class=\"wp-image-59\" width=\"162\" height=\"162\" srcset=\"https:\/\/action.org.es\/blog\/wp-content\/uploads\/2021\/09\/FotoProfIfes.jpeg 400w, https:\/\/action.org.es\/blog\/wp-content\/uploads\/2021\/09\/FotoProfIfes-300x300.jpeg 300w, https:\/\/action.org.es\/blog\/wp-content\/uploads\/2021\/09\/FotoProfIfes-150x150.jpeg 150w\" sizes=\"auto, (max-width: 162px) 100vw, 162px\" \/><figcaption>Paulo S\u00e9rgio<\/figcaption><\/figure>\n\n\n\n<p>Professor do Instituto Federal do Esp\u00edrito Santo (Ifes), participante do Leds e atualmente doutorando em Ci\u00eancia da Computa\u00e7\u00e3o, no Nemo, com foco em Ontologia, Integra\u00e7\u00e3o de dados e m\u00e9todos \u00e1gies. Al\u00e9m disso, se arrisca na cerveja artesanal e no surfe, \u00e9 comandado por 4 cachorros.<\/p>\n\n\n\n<figure class=\"wp-block-image size-large is-resized\"><img loading=\"lazy\" decoding=\"async\" src=\"https:\/\/action.org.es\/blog\/wp-content\/uploads\/2021\/09\/Professor-Fabiano-1024x1024.jpeg\" alt=\"\" class=\"wp-image-63\" width=\"163\" height=\"163\" srcset=\"https:\/\/action.org.es\/blog\/wp-content\/uploads\/2021\/09\/Professor-Fabiano-1024x1024.jpeg 1024w, https:\/\/action.org.es\/blog\/wp-content\/uploads\/2021\/09\/Professor-Fabiano-300x300.jpeg 300w, https:\/\/action.org.es\/blog\/wp-content\/uploads\/2021\/09\/Professor-Fabiano-150x150.jpeg 150w, https:\/\/action.org.es\/blog\/wp-content\/uploads\/2021\/09\/Professor-Fabiano-768x767.jpeg 768w, https:\/\/action.org.es\/blog\/wp-content\/uploads\/2021\/09\/Professor-Fabiano-770x769.jpeg 770w, https:\/\/action.org.es\/blog\/wp-content\/uploads\/2021\/09\/Professor-Fabiano-400x400.jpeg 400w, https:\/\/action.org.es\/blog\/wp-content\/uploads\/2021\/09\/Professor-Fabiano.jpeg 1074w\" sizes=\"auto, (max-width: 163px) 100vw, 163px\" \/><figcaption>Fabiano Ruy<\/figcaption><\/figure>\n\n\n\n<p><\/p>\n\n\n\n<p>Doutor em Ci\u00eancia da Computa\u00e7\u00e3o com pesquisa voltada a Engenharia de Software e Modelagem Conceitual. \u00c9 professor do IFES campus Serra, atuando no Bacharelado em Sistemas de Informa\u00e7\u00e3o e no Mestrado em Computa\u00e7\u00e3o Aplicada. Membro do LEDS, com foco em projetos de inova\u00e7\u00e3o.<\/p>\n","protected":false},"excerpt":{"rendered":"<p>No \u00faltimo post, perguntamos sobre a defini\u00e7\u00e3o do seu processo de software. Ent\u00e3o, como voc\u00ea o definiu? O seu processo contempla todas as atividades de produ\u00e7\u00e3o? Est\u00e1 atualizado, de acordo com a realidade da organiza\u00e7\u00e3o? \u00c9 fact\u00edvel, os colaboradores o seguem? Considera dimens\u00f5es importantes do neg\u00f3cio? Muitas organiza\u00e7\u00f5es entendem que o processo de desenvolvimento de [&hellip;]<\/p>\n","protected":false},"author":2,"featured_media":67,"comment_status":"closed","ping_status":"open","sticky":false,"template":"","format":"standard","meta":{"footnotes":""},"categories":[3],"tags":[],"class_list":["post-66","post","type-post","status-publish","format-standard","has-post-thumbnail","hentry","category-processo-de-software"],"_links":{"self":[{"href":"https:\/\/action.org.es\/blog\/wp-json\/wp\/v2\/posts\/66","targetHints":{"allow":["GET"]}}],"collection":[{"href":"https:\/\/action.org.es\/blog\/wp-json\/wp\/v2\/posts"}],"about":[{"href":"https:\/\/action.org.es\/blog\/wp-json\/wp\/v2\/types\/post"}],"author":[{"embeddable":true,"href":"https:\/\/action.org.es\/blog\/wp-json\/wp\/v2\/users\/2"}],"replies":[{"embeddable":true,"href":"https:\/\/action.org.es\/blog\/wp-json\/wp\/v2\/comments?post=66"}],"version-history":[{"count":3,"href":"https:\/\/action.org.es\/blog\/wp-json\/wp\/v2\/posts\/66\/revisions"}],"predecessor-version":[{"id":78,"href":"https:\/\/action.org.es\/blog\/wp-json\/wp\/v2\/posts\/66\/revisions\/78"}],"wp:featuredmedia":[{"embeddable":true,"href":"https:\/\/action.org.es\/blog\/wp-json\/wp\/v2\/media\/67"}],"wp:attachment":[{"href":"https:\/\/action.org.es\/blog\/wp-json\/wp\/v2\/media?parent=66"}],"wp:term":[{"taxonomy":"category","embeddable":true,"href":"https:\/\/action.org.es\/blog\/wp-json\/wp\/v2\/categories?post=66"},{"taxonomy":"post_tag","embeddable":true,"href":"https:\/\/action.org.es\/blog\/wp-json\/wp\/v2\/tags?post=66"}],"curies":[{"name":"wp","href":"https:\/\/api.w.org\/{rel}","templated":true}]}}