{"id":43,"date":"2021-08-29T16:55:00","date_gmt":"2021-08-29T19:55:00","guid":{"rendered":"https:\/\/action.org.es\/blog\/?p=43"},"modified":"2021-09-29T17:27:01","modified_gmt":"2021-09-29T20:27:01","slug":"o-que-a-lgpd-impacta-nos-pequenos-negocios","status":"publish","type":"post","link":"https:\/\/action.org.es\/blog\/o-que-a-lgpd-impacta-nos-pequenos-negocios\/","title":{"rendered":"O que a LGPD impacta nos pequenos neg\u00f3cios"},"content":{"rendered":"\n<h3 class=\"wp-block-heading\">A Lei n\u00ba 13.709, tamb\u00e9m conhecida como Lei Geral de Prote\u00e7\u00e3o de Dados Pessoais (LGPD), que entra oficialmente hoje, dia 18\/09\/2020, altera o Marco Civil da Internet para estabelecer diretrizes importantes e obrigat\u00f3rias para a coleta, processamento e armazenamento de dados pessoais.<\/h3>\n\n\n\n<p>A legisla\u00e7\u00e3o brasileira \u00e9 inspirada na General Data Protection Regulation (GDPR), que regula o assunto na Uni\u00e3o Europeia. Com ela, o Brasil entra no rol dos 120 pa\u00edses com legisla\u00e7\u00e3o espec\u00edfica para a prote\u00e7\u00e3o de dados.<\/p>\n\n\n\n<p>Diferente da GDPR, a LGPD n\u00e3o prev\u00ea tratamento diferenciado para pequenas empresas. Por conta disso, as MPE precisam estar atentas, uma vez que as puni\u00e7\u00f5es para quem descumprir a nova norma podem chegar a at\u00e9 5% do seu faturamento.<\/p>\n\n\n\n<p>Neste artigo, n\u00e3o iremos explorar as quest\u00f5es legais ou puni\u00e7\u00f5es, mas no que na pr\u00e1tica, altera e impacta na vida das MPE\u2019s.<\/p>\n\n\n\n<p>Mesmo porque, hoje s\u00e3o 03 Leis que se completam:<\/p>\n\n\n\n<ol class=\"wp-block-list\" type=\"a\"><li><strong>LAI<\/strong>&nbsp;\u2013 Lei de Acesso a Informa\u00e7\u00e3o<\/li><li><strong>ANPD&nbsp;<\/strong>\u2013 Autoridade Nacional de Prote\u00e7\u00e3o de Dados<\/li><li><strong>LGPD<\/strong><\/li><\/ol>\n\n\n\n<p>Por\u00e9m devemos estar atentos, porque em nossa Constitui\u00e7\u00e3o, exige-se um tratamento diferenciado para as MPE, no tocante a aplica\u00e7\u00e3o de legisla\u00e7\u00f5es, que impactem em seu funcionamento.<\/p>\n\n\n\n<p>Sendo assim, entendemos que precisamos estar atentos a alguns princ\u00edpios do que a lei trata:<\/p>\n\n\n\n<ol class=\"wp-block-list\" type=\"1\"><li>&nbsp;FINALIDADE, ou seja, o tratamento do dado precisa ter prop\u00f3sitos leg\u00edtimos, espec\u00edficos e expl\u00edcitos. Essa finalidade deve ser informada ao titular do dado;<\/li><\/ol>\n\n\n\n<ul class=\"wp-block-list\"><li>NECESSIDADE, ou seja, a limita\u00e7\u00e3o do tratamento ao m\u00ednimo necess\u00e1rio para a sua finalidade; e a seguran\u00e7a, que consiste na ado\u00e7\u00e3o de medidas para proteger os dados de acessos n\u00e3o autorizados e situa\u00e7\u00f5es acidentais ou il\u00edcitas\u201d,<\/li><li>SEGURAN\u00c7A , que consiste na ado\u00e7\u00e3o de medidas para proteger os dados de acessos n\u00e3o autorizados e situa\u00e7\u00f5es acidentais ou il\u00edcitas.<\/li><\/ul>\n\n\n\n<p><strong>Observa\u00e7\u00f5es Importantes:<\/strong><\/p>\n\n\n\n<p>&nbsp;&nbsp;&nbsp;&nbsp;&nbsp;&nbsp; 1 \u2013 Ressaltar que a LGPD \u00e9 aplic\u00e1vel ao tratamento de dados on-line e off-line, exceto dados anonimizados, ou seja, aqueles que n\u00e3o s\u00e3o facilmente identificados.<\/p>\n\n\n\n<p>&nbsp;&nbsp;&nbsp;&nbsp;&nbsp; 2 \u2013 Tamb\u00e9m \u00e9 importante lembrar que a empresa que trata os dados precisa ter o consentimento pr\u00e9vio do titular atrav\u00e9s de uma manifesta\u00e7\u00e3o clara, informativa e inequ\u00edvoca.<\/p>\n\n\n\n<p>&nbsp;&nbsp;&nbsp;&nbsp; 3 \u2013 Al\u00e9m do consentimento, o empreendedor deve atentar aos seguintes t\u00f3picos:<\/p>\n\n\n\n<p>&nbsp;&nbsp;&nbsp;&nbsp;&nbsp;&nbsp;&nbsp; a) &nbsp;Realizar todos os atos necess\u00e1rios para manter a seguran\u00e7a e prevenir quaisquer incidentes com os dados tratados;<\/p>\n\n\n\n<p>&nbsp;&nbsp;&nbsp;&nbsp;&nbsp;&nbsp;&nbsp; b) &nbsp;Utilizar os dados somente com a finalidade espec\u00edfica para a qual foram coletados e consentidos;<\/p>\n\n\n\n<p>&nbsp;&nbsp;&nbsp;&nbsp;&nbsp;&nbsp;&nbsp; c) &nbsp;Atuar com transpar\u00eancia perante os titulares dos dados;<\/p>\n\n\n\n<p>&nbsp;&nbsp;&nbsp;&nbsp;&nbsp;&nbsp;&nbsp; d) &nbsp;Deixar clara a responsabilidade que tem, sempre cumprindo as normas de prote\u00e7\u00e3o dos dados pessoais, por meio da presta\u00e7\u00e3o de contas.<\/p>\n\n\n\n<p>4 \u2013 Al\u00e9m disso, dados sens\u00edveis, como os ligados a origem racial ou \u00e9tnica, convic\u00e7\u00e3o religiosa ou de sa\u00fade, por exemplo, precisam de um tratamento especial. \u201cEles n\u00e3o podem ser misturados com os dados pessoais gerais e nem devem ser armazenados da mesma forma.<\/p>\n\n\n\n<p>&nbsp;&nbsp;&nbsp;&nbsp;&nbsp; 5 \u2013 Afeta o cotidiano das empresas, sobre os dados pessoais que o neg\u00f3cio coleta dos clientes.<\/p>\n\n\n\n<p><strong>O que s\u00e3o dados pessoais?<\/strong><\/p>\n\n\n\n<p>&nbsp;&nbsp;&nbsp;&nbsp;&nbsp;&nbsp;&nbsp;&nbsp;&nbsp;&nbsp;&nbsp;&nbsp;&nbsp;&nbsp;&nbsp;&nbsp;&nbsp;&nbsp;&nbsp; Dados pessoais, em resumo, s\u00e3o quaisquer rastros que um indiv\u00edduo deixa, e que, juntos, formam informa\u00e7\u00f5es sobre ele. Eles podem se originar de um hist\u00f3rico de buscas de navega\u00e7\u00e3o, de uma compra feita, ou de um registro de consulta m\u00e9dica, por exemplo.<\/p>\n\n\n\n<p>E no cen\u00e1rio de mundo contempor\u00e2neo, com boa parte da vida humana concentrada na internet, cada indiv\u00edduo forma, como resultado de suas atividades, um denso banco de dados com informa\u00e7\u00f5es complexas a respeito da sua identidade, personalidade e caracter\u00edsticas.&nbsp;<\/p>\n\n\n\n<p><strong>O QUE DEVEMOS TER ATEN\u00c7\u00c3O:<\/strong><\/p>\n\n\n\n<p>A LGPD, em uma forma esquem\u00e1tica, descreve&nbsp;<strong>dez princ\u00edpios<\/strong>&nbsp;relativos ao tratamento dos dados, na internet:<\/p>\n\n\n\n<ol class=\"wp-block-list\" type=\"1\"><li><strong>Da finalidade<\/strong>: a obten\u00e7\u00e3o dos dados deve ter um fim espec\u00edfico.<\/li><\/ol>\n\n\n\n<ul class=\"wp-block-list\"><li><strong>Da adequa\u00e7\u00e3o<\/strong>: tais fins dever\u00e3o estar relacionados com o prop\u00f3sito da empresa.<\/li><li><strong>Da necessidade<\/strong>: o m\u00ednimo poss\u00edvel dos dados deve ser coletado.<\/li><li><strong>Do livre acesso<\/strong>: o usu\u00e1rio dever\u00e1 ter a possibilidade de acessar os dados que cada empresa tem dele.<\/li><li><strong>Da qualidade<\/strong>: os dados devem ser recorrentemente atualizados, com informa\u00e7\u00f5es recentes.<\/li><li><strong>Da transpar\u00eancia<\/strong>: a empresa deve tratar o usu\u00e1rio com clareza.<\/li><li><strong>Da seguran\u00e7a<\/strong>: devem ser tomadas as medidas necess\u00e1rias para a prote\u00e7\u00e3o dos dados obtidos.<\/li><li><strong>Da preven\u00e7\u00e3o<\/strong>: devem ser utilizados meios para prevenir qualquer eventual vazamento de dados.<\/li><li><strong>Da n\u00e3o discrimina\u00e7\u00e3o<\/strong>: a empresa n\u00e3o pode discriminar os usu\u00e1rios pelos seus dados.<\/li><\/ul>\n\n\n\n<ol class=\"wp-block-list\" type=\"1\" start=\"10\"><li><strong>Da responsabiliza\u00e7\u00e3o<\/strong>: a empresa deve se responsabilizar pelo tratamento dos dados.<\/li><\/ol>\n\n\n\n<p><strong>Observa\u00e7\u00e3o:<\/strong><\/p>\n\n\n\n<p>O uso de um simples site, que capta dados do cliente como forma de prospec\u00e7\u00e3o, ou de envio de material, ou para contato posterior, j\u00e1 se aplica nestes 10&nbsp; princ\u00edpios.&nbsp;&nbsp;&nbsp;<\/p>\n\n\n\n<p><strong>Ent\u00e3o como a LGPD afetar\u00e1 a MPE ?<\/strong><\/p>\n\n\n\n<p>Em resumo, a LGPD exige que quaisquer empresas que utilizam dados se alinhem com o que ela prev\u00ea. No dia a dia, in\u00fameros pontos que eram relevados dever\u00e3o ser alvos de cuidado e observa\u00e7\u00e3o, tais como:<\/p>\n\n\n\n<ol class=\"wp-block-list\" type=\"1\"><li>Reformula\u00e7\u00e3o de pol\u00edticas de privacidade e termos de uso.<\/li><\/ol>\n\n\n\n<ul class=\"wp-block-list\"><li>Explicita\u00e7\u00e3o ao usu\u00e1rio de que os dados ser\u00e3o armazenados, e que eles possuem um fim devido.&nbsp;<\/li><li>Reestrutura\u00e7\u00e3o dos m\u00e9todos usados para a seguran\u00e7a virtual e a seguran\u00e7a dos dados armazenados.<\/li><li>Solicita\u00e7\u00e3o de consentimento dos usu\u00e1rios para a manuten\u00e7\u00e3o dos dados pr\u00e9-registrados.<\/li><\/ul>\n\n\n\n<p>Dessa forma, \u00e9 necess\u00e1rio que a<strong>&nbsp;empresa reveja completamente o seu fluxo de dados&nbsp;<\/strong>e a forma como eles s\u00e3o utilizados, para que n\u00e3o haja nenhum impasse judicial.<\/p>\n\n\n\n<ul class=\"wp-block-list\"><li>Relacionamento trabalhista: Os cuidados com os dados de sua equipe, dados pessoais, de familiares, a respeito de Vale transporte, Plano de sa\u00fade, assim como, a preserva\u00e7\u00e3o dos dados dos clientes pela sua equipe.<\/li><\/ul>\n\n\n\n<p>Podemos enumerar outros impactos:<\/p>\n\n\n\n<ol class=\"wp-block-list\" type=\"a\"><li>Perda de clientes; pela desconfian\u00e7a e perda de credibilidade;<\/li><li>Aumento de custos operacionais;<\/li><li>Contrata\u00e7\u00e3o de um&nbsp;<strong>DPO \u2013 Encarregado de Dados para sua empresa&nbsp;<\/strong>&nbsp;<\/li><li>Pagamento de multas<\/li><li>Suspens\u00e3o de atividades<\/li><\/ol>\n\n\n\n<p>Finalizando, entendemos que as MPE\u2019s sofrer\u00e3o um grande impacto no relacionamento com seus clientes, muito maior que seus custos. Pois devido \u00e0 proximidade e simplicidade de seus processos de atendimento e venda, estes sofrer\u00e3o abalos e uma perda de entregas. \u00a0 Mas no Brasil, ser um empreendedor de MPE, \u00e9 conviver com desafios constantes. Mas tamb\u00e9m \u00e9 ser um Forte e destemido brasileiro.<\/p>\n\n\n\n<figure class=\"wp-block-image size-full\"><img loading=\"lazy\" decoding=\"async\" width=\"144\" height=\"168\" src=\"https:\/\/action.org.es\/blog\/wp-content\/uploads\/2021\/09\/Daniel_Arrais1.jpg\" alt=\"\" class=\"wp-image-56\"\/><figcaption><meta charset=\"utf-8\"><strong><em>Daniel Arrais<\/em><\/strong>\u00a0\u2013 Diretor de eventos da ACT!ON<\/figcaption><\/figure>\n\n\n\n<p class=\"has-text-align-left\"><\/p>\n","protected":false},"excerpt":{"rendered":"<p>A Lei n\u00ba 13.709, tamb\u00e9m conhecida como Lei Geral de Prote\u00e7\u00e3o de Dados Pessoais (LGPD), que entra oficialmente hoje, dia 18\/09\/2020, altera o Marco Civil da Internet para estabelecer diretrizes importantes e obrigat\u00f3rias para a coleta, processamento e armazenamento de dados pessoais. A legisla\u00e7\u00e3o brasileira \u00e9 inspirada na General Data Protection Regulation (GDPR), que regula [&hellip;]<\/p>\n","protected":false},"author":2,"featured_media":44,"comment_status":"open","ping_status":"open","sticky":false,"template":"","format":"standard","meta":{"footnotes":""},"categories":[3],"tags":[],"class_list":["post-43","post","type-post","status-publish","format-standard","has-post-thumbnail","hentry","category-processo-de-software"],"_links":{"self":[{"href":"https:\/\/action.org.es\/blog\/wp-json\/wp\/v2\/posts\/43","targetHints":{"allow":["GET"]}}],"collection":[{"href":"https:\/\/action.org.es\/blog\/wp-json\/wp\/v2\/posts"}],"about":[{"href":"https:\/\/action.org.es\/blog\/wp-json\/wp\/v2\/types\/post"}],"author":[{"embeddable":true,"href":"https:\/\/action.org.es\/blog\/wp-json\/wp\/v2\/users\/2"}],"replies":[{"embeddable":true,"href":"https:\/\/action.org.es\/blog\/wp-json\/wp\/v2\/comments?post=43"}],"version-history":[{"count":2,"href":"https:\/\/action.org.es\/blog\/wp-json\/wp\/v2\/posts\/43\/revisions"}],"predecessor-version":[{"id":58,"href":"https:\/\/action.org.es\/blog\/wp-json\/wp\/v2\/posts\/43\/revisions\/58"}],"wp:featuredmedia":[{"embeddable":true,"href":"https:\/\/action.org.es\/blog\/wp-json\/wp\/v2\/media\/44"}],"wp:attachment":[{"href":"https:\/\/action.org.es\/blog\/wp-json\/wp\/v2\/media?parent=43"}],"wp:term":[{"taxonomy":"category","embeddable":true,"href":"https:\/\/action.org.es\/blog\/wp-json\/wp\/v2\/categories?post=43"},{"taxonomy":"post_tag","embeddable":true,"href":"https:\/\/action.org.es\/blog\/wp-json\/wp\/v2\/tags?post=43"}],"curies":[{"name":"wp","href":"https:\/\/api.w.org\/{rel}","templated":true}]}}